{"id":1994,"date":"2021-07-02T12:58:38","date_gmt":"2021-07-02T15:58:38","guid":{"rendered":"https:\/\/laurapitluk.com.ar\/wps\/?p=1994"},"modified":"2023-03-12T20:04:03","modified_gmt":"2023-03-12T23:04:03","slug":"curso-virtual-las-practicas-del-lenguaje-con-entornos-digitales-en-el-nivel-inicial","status":"publish","type":"post","link":"https:\/\/laurapitluk.com.ar\/wps\/curso-virtual-las-practicas-del-lenguaje-con-entornos-digitales-en-el-nivel-inicial\/","title":{"rendered":"Curso Virtual: Las pr\u00e1cticas del lenguaje con entornos digitales en el Nivel Inicial"},"content":{"rendered":"<p align=\"center\"><span class=\"Estilo231 Estilo182\"><span class=\"Estilo67\"><strong>CURSO VIRTUAL \u2022&nbsp;Dictado por&nbsp;<\/strong><\/span><span class=\"Estilo67\"><strong>PROF. VALERIA DONATO<\/strong><br \/>\n<\/span><\/span><span class=\"Estilo182\">Coordinado por la Lic. Laura Pitluk<\/span><\/p>\n<p class=\"Estilo232\" align=\"center\">A trav\u00e9s del Campus Virtual de EL PORTAL EDUCATIVO<\/p>\n<p class=\"Estilo232\" align=\"center\">Auspicia y organiza<br \/>\n<img decoding=\"async\" loading=\"lazy\" class=\"size-full wp-image-2121 aligncenter\" src=\"https:\/\/laurapitluk.com.ar\/wps\/wp-content\/uploads\/2019\/05\/logosx2.jpg\" alt=\"\" width=\"203\" height=\"65\"><\/p>\n<p class=\"Estilo217\" align=\"center\"><u>Dirigido a:<\/u>&nbsp;Docentes, coordinadores pedag\u00f3gicos y directivos de Nivel Inicial,&nbsp;otros profesionales relacionados con la tarea educativa.<br \/>\nVacantes limitadas a 25 personas.<\/p>\n<p class=\"Estilo7 Estilo182\" align=\"center\"><span class=\"Estilo217\"><u>Duraci\u00f3n:<\/u>&nbsp;<strong>5 ENCUENTROS, 1 por semana<\/strong><\/span><br \/>\n<span class=\"Estilo49 Estilo70\"><strong>FECHA DE INICIO A CONFIRMAR<\/strong><\/span><\/p>\n<p class=\"Estilo7 Estilo49 Estilo67\" align=\"center\"><span class=\"Estilo7 Estilo94\"><strong>Arancel por vacante $ 7500.- \/ <\/strong><\/span><strong>PROMO GRUPO 3\u00d72&nbsp;<br \/>\n<\/strong>(Se inscriben 3 docentes de la misma instituci\u00f3n al mismo curso y abonan 2 vacantes)<br \/>\n<span class=\"Estilo182\">(Arancel para residentes en la Rep\u00fablica Argentina, para otros pa\u00edses consultar)<\/span><\/p>\n<p class=\"Estilo7 Estilo49 Estilo67\" align=\"center\"><strong>INFORMES E INSCRIPCI\u00d3N: WhatsApp +54113188-2800<br \/>\nEmail:&nbsp;<a href=\"mailto:cursosvirtuales@elportaleducativo.com.ar\">cursosvirtuales@elportaleducativo.com.ar<\/a><\/strong><\/p>\n<p align=\"center\"><strong><a href=\"https:\/\/elportaleducativo.com.ar\/wp\/curso-virtual-pled\/\" target=\"_blank\" rel=\"noopener noreferrer\">M\u00c1S INFO CLICK AQU\u00cd<\/a><\/strong><\/p>\n<hr>\n<p dir=\"ltr\">Se presenta una propuesta de formaci\u00f3n docente que recupera los lineamientos generales de la pol\u00edtica educativa jurisdiccional pensando en el abordaje de las TIC en las pr\u00e1cticas del lenguaje relacionadas con la lectura, escritura y oralidad para el Nivel Inicial.<b>&nbsp;<\/b><\/p>\n<p dir=\"ltr\">Se propone reflexionar, analizar y conceptualizar la tarea docente en el marco de situaciones de ense\u00f1anza que se vinculen con el uso de tecnolog\u00edas actuales y sus &nbsp;posibilidades hacia la construcci\u00f3n de propuestas literarias y de pr\u00e1cticas del lenguaje. Se trata de actualizar conocimientos sobre la organizaci\u00f3n de situaciones did\u00e1cticas que brindan oportunidades lectoras y escritoras a trav\u00e9s de las TIC en sala.<\/p>\n<p dir=\"ltr\">Para ello, se prev\u00e9 el an\u00e1lisis de documentos bibliogr\u00e1ficos y otros materiales multimediales (registros de clase videados, videos de situaciones educativas, materiales de lectura para las salas, entre otros) en di\u00e1logo con las pr\u00e1cticas que pueden suceder en las salas, procurando nuevas aproximaciones a las TIC sobre el objeto de ense\u00f1anza y las decisiones did\u00e1cticas hacia el camino para la alfabetizaci\u00f3n inicial.<\/p>\n<p align=\"center\"><strong>Encuentro 1: La lectura en la era digital.<\/strong><\/p>\n<p align=\"center\"><strong>Encuentro 2: Itinerarios de lectura en pantalla.<\/strong><\/p>\n<p align=\"center\"><strong>Encuentro 3: Recomendar textos literarios: Fotos narradas.<\/strong><\/p>\n<p align=\"center\"><strong>Encuentro 4: Recomendar textos literarios: el&nbsp;booktrailer.<\/strong><\/p>\n<p align=\"center\"><strong>Encuentro 5: Lectores y escritores en la era digital.<\/strong><\/p>\n<p align=\"center\">&nbsp;<\/p>\n<p style=\"text-align: left;\" align=\"center\"><strong><img decoding=\"async\" loading=\"lazy\" class=\"alignleft size-full wp-image-1995\" src=\"https:\/\/laurapitluk.com.ar\/wps\/wp-content\/uploads\/2019\/05\/valeriaDonatoOK.jpg\" alt=\"\" width=\"174\" height=\"200\">\u263c VALERIA DONATO<\/strong><br \/>\nMaestro Especializado en Educaci\u00f3n Inicial.<br \/>\nPost\u00edtulo de Actualizaci\u00f3n Acad\u00e9mica en Lectura y Escritura en la Alfabetizaci\u00f3n Inicial.<br \/>\nLicenciatura en lectura y escritura.<br \/>\nMaestr\u00eda y Especializaci\u00f3n en Escritura y Alfabetizaci\u00f3n de UNLP.<br \/>\nDiplomatura en Gesti\u00f3n Educativa (Cursando).<br \/>\nDirector de CIIE Distrito Patagones. Regi\u00f3n 22.<br \/>\nCoordinador Provincial (ETC) del equipo de capacitadores (ETR) en Pr\u00e1cticas del lenguaje para Nivel Inicial. Coordinador Provincial (ETC) del equipo de capacitadores (ETR) en Pr\u00e1cticas del lenguaje para Nivel Primario.<br \/>\nTutor Virtual Post\u00edtulo Alfabetizaci\u00f3n Inicial. Programa nacional de Formaci\u00f3n permanente. Nuestra escuela.&nbsp;<\/p>\n","protected":false},"excerpt":{"rendered":"<p>CURSO VIRTUAL \u2022&nbsp;Dictado por&nbsp;PROF. VALERIA DONATO Coordinado por la Lic. Laura Pitluk A trav\u00e9s del Campus Virtual de EL PORTAL&#46;&#46;&#46;<\/p>\n","protected":false},"author":2,"featured_media":2123,"comment_status":"closed","ping_status":"closed","sticky":false,"template":"","format":"standard","meta":{"ngg_post_thumbnail":0,"footnotes":""},"categories":[14,10],"tags":[],"_links":{"self":[{"href":"https:\/\/laurapitluk.com.ar\/wps\/wp-json\/wp\/v2\/posts\/1994"}],"collection":[{"href":"https:\/\/laurapitluk.com.ar\/wps\/wp-json\/wp\/v2\/posts"}],"about":[{"href":"https:\/\/laurapitluk.com.ar\/wps\/wp-json\/wp\/v2\/types\/post"}],"author":[{"embeddable":true,"href":"https:\/\/laurapitluk.com.ar\/wps\/wp-json\/wp\/v2\/users\/2"}],"replies":[{"embeddable":true,"href":"https:\/\/laurapitluk.com.ar\/wps\/wp-json\/wp\/v2\/comments?post=1994"}],"version-history":[{"count":20,"href":"https:\/\/laurapitluk.com.ar\/wps\/wp-json\/wp\/v2\/posts\/1994\/revisions"}],"predecessor-version":[{"id":2987,"href":"https:\/\/laurapitluk.com.ar\/wps\/wp-json\/wp\/v2\/posts\/1994\/revisions\/2987"}],"wp:featuredmedia":[{"embeddable":true,"href":"https:\/\/laurapitluk.com.ar\/wps\/wp-json\/wp\/v2\/media\/2123"}],"wp:attachment":[{"href":"https:\/\/laurapitluk.com.ar\/wps\/wp-json\/wp\/v2\/media?parent=1994"}],"wp:term":[{"taxonomy":"category","embeddable":true,"href":"https:\/\/laurapitluk.com.ar\/wps\/wp-json\/wp\/v2\/categories?post=1994"},{"taxonomy":"post_tag","embeddable":true,"href":"https:\/\/laurapitluk.com.ar\/wps\/wp-json\/wp\/v2\/tags?post=1994"}],"curies":[{"name":"wp","href":"https:\/\/api.w.org\/{rel}","templated":true}]}}