{"id":2591,"date":"2020-11-19T16:27:40","date_gmt":"2020-11-19T19:27:40","guid":{"rendered":"https:\/\/laurapitluk.com.ar\/wps\/?p=2591"},"modified":"2020-11-19T16:40:19","modified_gmt":"2020-11-19T19:40:19","slug":"revista-travesias-didacticas-no-33","status":"publish","type":"post","link":"https:\/\/laurapitluk.com.ar\/wps\/revista-travesias-didacticas-no-33\/","title":{"rendered":"Revista Traves\u00edas did\u00e1cticas N\u00ba 33"},"content":{"rendered":"<p><strong><a href=\"https:\/\/joom.ag\/npmC\" target=\"_blank\" rel=\"noopener noreferrer\"><img decoding=\"async\" loading=\"lazy\" class=\"alignright wp-image-2592 size-medium\" src=\"https:\/\/laurapitluk.com.ar\/wps\/wp-content\/uploads\/2020\/11\/tapa33ok-212x300.jpg\" alt=\"\" width=\"212\" height=\"300\" srcset=\"https:\/\/laurapitluk.com.ar\/wps\/wp-content\/uploads\/2020\/11\/tapa33ok-212x300.jpg 212w, https:\/\/laurapitluk.com.ar\/wps\/wp-content\/uploads\/2020\/11\/tapa33ok-520x736.jpg 520w, https:\/\/laurapitluk.com.ar\/wps\/wp-content\/uploads\/2020\/11\/tapa33ok-320x453.jpg 320w, https:\/\/laurapitluk.com.ar\/wps\/wp-content\/uploads\/2020\/11\/tapa33ok.jpg 598w\" sizes=\"(max-width: 212px) 100vw, 212px\" \/><\/a>CONTENIDOS:<\/strong><\/p>\n<ul>\n<li>Reflexiones y aportes acerca de la evaluaci\u00f3n de los aprendizajes infantiles en tiempos de pandemia. <em>Laura Pitluk.<\/em><\/li>\n<li>Certezas e incertidumbre de la evaluaci\u00f3n en tiempos de pandemia. <em>Elisa Spakowsky.<\/em><\/li>\n<li>De la ejercitaci\u00f3n a la expresividad motriz. <em>Elizabeth Ivaldi.<\/em><\/li>\n<li>El Jard\u00edn Maternal en transici\u00f3n. Reflexiones en octubre 2020. <em>Luc\u00eda In\u00e9s Moreau.<\/em><\/li>\n<li>Manos en Acci\u00f3n: descubrir, modelar, acariciar, pintar, inventar, enchastrar\u2026<br \/>\n<em>Vali Guidalevich y Laura Pitluk.<\/em><\/li>\n<li>Matem\u00e1tica en la Educaci\u00f3n Inicial. Lo que aprendimos en la cuarentena. <em>Edith Weinstein y Adriana Gonz\u00e1lez.<\/em><\/li>\n<li>El cuaderno agenda y el cuaderno de registro de pandemia. <em>Valeria Donato.<\/em><\/li>\n<li>Las Pr\u00e1cticas del Lenguaje en el nuevo dise\u00f1o curricular de CABA.&nbsp;Un ejemplo para analizar la presencia del enfoque en los documentos curriculares. <em>Beatriz Ortiz.<\/em><\/li>\n<li>Experiencias musicales entre la educaci\u00f3n no presencial y el hogar. <em>Mar\u00eda Laura Inda.<\/em><\/li>\n<li>Huerta en el Jard\u00edn.&nbsp;Ideas en torno al trabajo del ambiente natural y social. <em>Mariana Salvalai y H\u00e9ctor Heim.<\/em><\/li>\n<li>Astronom\u00eda en el Nivel Inicial. <em>H\u00e9ctor Heim.<\/em><\/li>\n<li>Compartiendo experiencias: Bailemos\u2026es un acto de revoluci\u00f3n. Lenguajes art\u00edsticos e infancias. <em>Eliana Bratok.<\/em><\/li>\n<\/ul>\n","protected":false},"excerpt":{"rendered":"<p>CONTENIDOS: Reflexiones y aportes acerca de la evaluaci\u00f3n de los aprendizajes infantiles en tiempos de pandemia. Laura Pitluk. Certezas e&#46;&#46;&#46;<\/p>\n","protected":false},"author":2,"featured_media":2592,"comment_status":"closed","ping_status":"closed","sticky":false,"template":"","format":"standard","meta":{"ngg_post_thumbnail":0,"footnotes":""},"categories":[3,5],"tags":[],"_links":{"self":[{"href":"https:\/\/laurapitluk.com.ar\/wps\/wp-json\/wp\/v2\/posts\/2591"}],"collection":[{"href":"https:\/\/laurapitluk.com.ar\/wps\/wp-json\/wp\/v2\/posts"}],"about":[{"href":"https:\/\/laurapitluk.com.ar\/wps\/wp-json\/wp\/v2\/types\/post"}],"author":[{"embeddable":true,"href":"https:\/\/laurapitluk.com.ar\/wps\/wp-json\/wp\/v2\/users\/2"}],"replies":[{"embeddable":true,"href":"https:\/\/laurapitluk.com.ar\/wps\/wp-json\/wp\/v2\/comments?post=2591"}],"version-history":[{"count":4,"href":"https:\/\/laurapitluk.com.ar\/wps\/wp-json\/wp\/v2\/posts\/2591\/revisions"}],"predecessor-version":[{"id":2596,"href":"https:\/\/laurapitluk.com.ar\/wps\/wp-json\/wp\/v2\/posts\/2591\/revisions\/2596"}],"wp:featuredmedia":[{"embeddable":true,"href":"https:\/\/laurapitluk.com.ar\/wps\/wp-json\/wp\/v2\/media\/2592"}],"wp:attachment":[{"href":"https:\/\/laurapitluk.com.ar\/wps\/wp-json\/wp\/v2\/media?parent=2591"}],"wp:term":[{"taxonomy":"category","embeddable":true,"href":"https:\/\/laurapitluk.com.ar\/wps\/wp-json\/wp\/v2\/categories?post=2591"},{"taxonomy":"post_tag","embeddable":true,"href":"https:\/\/laurapitluk.com.ar\/wps\/wp-json\/wp\/v2\/tags?post=2591"}],"curies":[{"name":"wp","href":"https:\/\/api.w.org\/{rel}","templated":true}]}}