{"id":2948,"date":"2022-07-31T14:21:41","date_gmt":"2022-07-31T17:21:41","guid":{"rendered":"https:\/\/laurapitluk.com.ar\/wps\/?p=2948"},"modified":"2022-07-31T14:24:29","modified_gmt":"2022-07-31T17:24:29","slug":"revista-travesias-didacticas-no-38","status":"publish","type":"post","link":"https:\/\/laurapitluk.com.ar\/wps\/revista-travesias-didacticas-no-38\/","title":{"rendered":"Revista Traves\u00edas did\u00e1cticas N\u00ba 38"},"content":{"rendered":"<p><strong>Edici\u00f3n Julio 2022 \u2013 Virtual y gratuita<\/strong><\/p>\n<p><strong><a href=\"https:\/\/travesiasdidacticas.com.ar\/travesias-didacticas-no-38-julio-2022\/\" target=\"_blank\" rel=\"noopener\"><img decoding=\"async\" loading=\"lazy\" class=\"alignright wp-image-2949 size-medium\" src=\"https:\/\/laurapitluk.com.ar\/wps\/wp-content\/uploads\/2022\/07\/tapa38-212x300.jpg\" alt=\"\" width=\"212\" height=\"300\" srcset=\"https:\/\/laurapitluk.com.ar\/wps\/wp-content\/uploads\/2022\/07\/tapa38-212x300.jpg 212w, https:\/\/laurapitluk.com.ar\/wps\/wp-content\/uploads\/2022\/07\/tapa38-724x1024.jpg 724w, https:\/\/laurapitluk.com.ar\/wps\/wp-content\/uploads\/2022\/07\/tapa38-768x1087.jpg 768w, https:\/\/laurapitluk.com.ar\/wps\/wp-content\/uploads\/2022\/07\/tapa38-1086x1536.jpg 1086w, https:\/\/laurapitluk.com.ar\/wps\/wp-content\/uploads\/2022\/07\/tapa38-720x1019.jpg 720w, https:\/\/laurapitluk.com.ar\/wps\/wp-content\/uploads\/2022\/07\/tapa38-520x736.jpg 520w, https:\/\/laurapitluk.com.ar\/wps\/wp-content\/uploads\/2022\/07\/tapa38-320x453.jpg 320w, https:\/\/laurapitluk.com.ar\/wps\/wp-content\/uploads\/2022\/07\/tapa38.jpg 1246w\" sizes=\"(max-width: 212px) 100vw, 212px\" \/><\/a>CONTENIDOS:<\/strong><\/p>\n<ul>\n<li>De l\u00edmites y limitaciones. Cuando la cuesti\u00f3n es un tema de todxs.&nbsp;<em>M\u00f3nica Fern\u00e1ndez Pais<\/em><\/li>\n<li>La Educaci\u00f3n Infantil y la formaci\u00f3n ciudadana.&nbsp;<em>Elisa Spakowsky<\/em><\/li>\n<li>Proyecto de Articulaci\u00f3n entre la Educaci\u00f3n Inicial y la Modalidad de Educaci\u00f3n Especial pertenecientes al Ministerio de Educaci\u00f3n e Innovaci\u00f3n de la Ciudad de Buenos Aires. A\u00f1o 2019.<\/li>\n<li>Primera infancia, una mirada desde la pr\u00e1ctica pre profesional.&nbsp;<em>Guillermo Maidana Gimenez<\/em>&nbsp;<\/li>\n<li>Compartiendo experiencias: Proyecto de intervenci\u00f3n \u201cUn mundo geom\u00e9trico\u201d. Nivel 5 a\u00f1os . Escuela N\u00b0 87 de Maldonado, Uruguay.<\/li>\n<\/ul>\n","protected":false},"excerpt":{"rendered":"<p>Edici\u00f3n Julio 2022 \u2013 Virtual y gratuita CONTENIDOS: De l\u00edmites y limitaciones. Cuando la cuesti\u00f3n es un tema de todxs.&nbsp;M\u00f3nica&#46;&#46;&#46;<\/p>\n","protected":false},"author":2,"featured_media":2949,"comment_status":"closed","ping_status":"closed","sticky":false,"template":"","format":"standard","meta":{"ngg_post_thumbnail":0,"footnotes":""},"categories":[5],"tags":[],"_links":{"self":[{"href":"https:\/\/laurapitluk.com.ar\/wps\/wp-json\/wp\/v2\/posts\/2948"}],"collection":[{"href":"https:\/\/laurapitluk.com.ar\/wps\/wp-json\/wp\/v2\/posts"}],"about":[{"href":"https:\/\/laurapitluk.com.ar\/wps\/wp-json\/wp\/v2\/types\/post"}],"author":[{"embeddable":true,"href":"https:\/\/laurapitluk.com.ar\/wps\/wp-json\/wp\/v2\/users\/2"}],"replies":[{"embeddable":true,"href":"https:\/\/laurapitluk.com.ar\/wps\/wp-json\/wp\/v2\/comments?post=2948"}],"version-history":[{"count":3,"href":"https:\/\/laurapitluk.com.ar\/wps\/wp-json\/wp\/v2\/posts\/2948\/revisions"}],"predecessor-version":[{"id":2952,"href":"https:\/\/laurapitluk.com.ar\/wps\/wp-json\/wp\/v2\/posts\/2948\/revisions\/2952"}],"wp:featuredmedia":[{"embeddable":true,"href":"https:\/\/laurapitluk.com.ar\/wps\/wp-json\/wp\/v2\/media\/2949"}],"wp:attachment":[{"href":"https:\/\/laurapitluk.com.ar\/wps\/wp-json\/wp\/v2\/media?parent=2948"}],"wp:term":[{"taxonomy":"category","embeddable":true,"href":"https:\/\/laurapitluk.com.ar\/wps\/wp-json\/wp\/v2\/categories?post=2948"},{"taxonomy":"post_tag","embeddable":true,"href":"https:\/\/laurapitluk.com.ar\/wps\/wp-json\/wp\/v2\/tags?post=2948"}],"curies":[{"name":"wp","href":"https:\/\/api.w.org\/{rel}","templated":true}]}}